{"id":1835,"date":"2024-09-04T16:49:02","date_gmt":"2024-09-04T14:49:02","guid":{"rendered":"https:\/\/www.dpsglampertheim.de\/wordpress\/?p=1835"},"modified":"2024-09-04T16:49:05","modified_gmt":"2024-09-04T14:49:05","slug":"3-tage-noch-lambada-kerwe-2024","status":"publish","type":"post","link":"https:\/\/www.dpsglampertheim.de\/wordpress\/2024\/09\/04\/3-tage-noch-lambada-kerwe-2024\/","title":{"rendered":"3 Tage noch&#8230; Lambada Kerwe 2024!"},"content":{"rendered":"\n<p>Trefft uns auf der Lampertheimer Kerwe gegen\u00fcber der St. Andreas Kirche in der R\u00f6merstra\u00dfe!<\/p>\n\n\n\n<figure class=\"wp-block-gallery has-nested-images columns-2 wp-block-gallery-1 is-layout-flex wp-block-gallery-is-layout-flex\">\n<figure class=\"wp-block-image size-full\"><img loading=\"lazy\" decoding=\"async\" width=\"721\" height=\"1024\" data-id=\"1840\" src=\"https:\/\/www.dpsglampertheim.de\/wordpress\/wp-content\/uploads\/2024\/09\/Kerwe-Flyer-2024-pink-1.jpg\" alt=\"\" class=\"wp-image-1840\" srcset=\"https:\/\/www.dpsglampertheim.de\/wordpress\/wp-content\/uploads\/2024\/09\/Kerwe-Flyer-2024-pink-1.jpg 721w, https:\/\/www.dpsglampertheim.de\/wordpress\/wp-content\/uploads\/2024\/09\/Kerwe-Flyer-2024-pink-1-211x300.jpg 211w\" sizes=\"auto, (max-width: 721px) 100vw, 721px\" \/><\/figure>\n<\/figure>\n\n\n\n<figure class=\"wp-block-gallery has-nested-images columns-default is-cropped wp-block-gallery-2 is-layout-flex wp-block-gallery-is-layout-flex\">\n<figure class=\"wp-block-image size-large\"><img loading=\"lazy\" decoding=\"async\" width=\"578\" height=\"1024\" data-id=\"1839\" src=\"https:\/\/www.dpsglampertheim.de\/wordpress\/wp-content\/uploads\/2024\/09\/Screenshot_20240903-195827-1.png\" alt=\"\" class=\"wp-image-1839\" srcset=\"https:\/\/www.dpsglampertheim.de\/wordpress\/wp-content\/uploads\/2024\/09\/Screenshot_20240903-195827-1.png 578w, https:\/\/www.dpsglampertheim.de\/wordpress\/wp-content\/uploads\/2024\/09\/Screenshot_20240903-195827-1-169x300.png 169w\" sizes=\"auto, (max-width: 578px) 100vw, 578px\" \/><\/figure>\n\n\n\n<figure class=\"wp-block-image size-large\"><img loading=\"lazy\" decoding=\"async\" width=\"724\" height=\"1024\" data-id=\"1841\" src=\"https:\/\/www.dpsglampertheim.de\/wordpress\/wp-content\/uploads\/2024\/09\/Kopie-von-Bayrisch-Fruehschoppen-Plakat-Final-1.jpg\" alt=\"\" class=\"wp-image-1841\" srcset=\"https:\/\/www.dpsglampertheim.de\/wordpress\/wp-content\/uploads\/2024\/09\/Kopie-von-Bayrisch-Fruehschoppen-Plakat-Final-1.jpg 724w, https:\/\/www.dpsglampertheim.de\/wordpress\/wp-content\/uploads\/2024\/09\/Kopie-von-Bayrisch-Fruehschoppen-Plakat-Final-1-212x300.jpg 212w\" sizes=\"auto, (max-width: 724px) 100vw, 724px\" \/><\/figure>\n<\/figure>\n","protected":false},"excerpt":{"rendered":"<p>Trefft uns auf der Lampertheimer Kerwe gegen\u00fcber der St. Andreas Kirche in der R\u00f6merstra\u00dfe!<\/p>\n","protected":false},"author":4,"featured_media":0,"comment_status":"closed","ping_status":"closed","sticky":false,"template":"","format":"standard","meta":{"ngg_post_thumbnail":0,"footnotes":""},"categories":[1],"tags":[],"class_list":["post-1835","post","type-post","status-publish","format-standard","hentry","category-allgemein"],"_links":{"self":[{"href":"https:\/\/www.dpsglampertheim.de\/wordpress\/wp-json\/wp\/v2\/posts\/1835","targetHints":{"allow":["GET"]}}],"collection":[{"href":"https:\/\/www.dpsglampertheim.de\/wordpress\/wp-json\/wp\/v2\/posts"}],"about":[{"href":"https:\/\/www.dpsglampertheim.de\/wordpress\/wp-json\/wp\/v2\/types\/post"}],"author":[{"embeddable":true,"href":"https:\/\/www.dpsglampertheim.de\/wordpress\/wp-json\/wp\/v2\/users\/4"}],"replies":[{"embeddable":true,"href":"https:\/\/www.dpsglampertheim.de\/wordpress\/wp-json\/wp\/v2\/comments?post=1835"}],"version-history":[{"count":1,"href":"https:\/\/www.dpsglampertheim.de\/wordpress\/wp-json\/wp\/v2\/posts\/1835\/revisions"}],"predecessor-version":[{"id":1842,"href":"https:\/\/www.dpsglampertheim.de\/wordpress\/wp-json\/wp\/v2\/posts\/1835\/revisions\/1842"}],"wp:attachment":[{"href":"https:\/\/www.dpsglampertheim.de\/wordpress\/wp-json\/wp\/v2\/media?parent=1835"}],"wp:term":[{"taxonomy":"category","embeddable":true,"href":"https:\/\/www.dpsglampertheim.de\/wordpress\/wp-json\/wp\/v2\/categories?post=1835"},{"taxonomy":"post_tag","embeddable":true,"href":"https:\/\/www.dpsglampertheim.de\/wordpress\/wp-json\/wp\/v2\/tags?post=1835"}],"curies":[{"name":"wp","href":"https:\/\/api.w.org\/{rel}","templated":true}]}}