{"id":586,"date":"2019-08-18T20:27:56","date_gmt":"2019-08-18T18:27:56","guid":{"rendered":"http:\/\/www.dpsglampertheim.de\/wordpress\/?p=586"},"modified":"2019-08-18T20:37:50","modified_gmt":"2019-08-18T18:37:50","slug":"stammesfest-und-jubilaeum","status":"publish","type":"post","link":"https:\/\/www.dpsglampertheim.de\/wordpress\/2019\/08\/18\/stammesfest-und-jubilaeum\/","title":{"rendered":"Stammesfest und -jubil\u00e4um"},"content":{"rendered":"<p>Am 5. Juni 1949 wurde durch die Versammlung einiger Jungen vom damaligen Kaplan Sch\u00e4fer der Grundstein f\u00fcr unseren Stamm gelegt. W\u00e4hrend es bei dem ersten Treffen nur wenige waren, sind es heute nach 70 Jahren rund 80 aktive Mitglieder, die das Stammesleben pr\u00e4gen.<\/p>\n<p>Wir wollten dies nat\u00fcrlich geb\u00fchrend feiern. Da\u00df es dann aber mehr als 130 Personen waren &#8211; trotz Regenwetter &#8211; hat kaum einer geglaubt, umso gr\u00f6\u00dfer war die Freude \u00fcber die gro\u00dfe Resonanz. Zuvor stand aber die Stammesversammlung noch auf dem Programm. Hier berichteten unsere Stufen von ihren Aktivit\u00e4ten und auch der Vorstand berichtete von den Aktionen des vergangenen Jahres. Highlight war mit Sicherheit das diesj\u00e4hrige Zeltlager unter dem Motto &#8220;Der Herr der sieben Ringe&#8221; und die 72-Stunden-Aktion im Mai, bei welcher der Pfarrgarten komplett neu gestaltet wurde.<\/p>\n<p>Nach der Entlastung wurde Ronnie Gutschalk als Stammesvorstand verabschiedet. Er zog sich ein Jahr fr\u00fcher aus dem Vorstand zur\u00fcck und die Versammlung dankte ihm f\u00fcr die getane Arbeit. Neu gew\u00e4hlt wurde Alexander Tybussek an die Seite unserer Stammesvorsitzenden Alicia Pfannm\u00fcller. Elisabeth van de Bovenkamp als Kuratin stand zur Wiederwahl und wurde von der Versammlung auch in ihrem Amt best\u00e4tigt.<\/p>\n<p>Bevor es ans Feiern ging bekam der Stamm noch Geschenke und einige Gru\u00dfworte: Vom F\u00f6rderverein \u00fcberreichten Andreas Linke, Rosi Schlesinger und Bj\u00f6rn Burwitz eine Jurtenseitenplane mit dem Lampertheimer Stadtwappen, um die Verbundenheit und die gute Zusammenarbeit mit Stadt und Gemeinde zu zeigen. B\u00fcrgermeister Gottfried St\u00f6rmer \u00fcberreichte einen Kirschbaum, der f\u00fcr die Best\u00e4ndigkeit und die Verwurzlung der Pfadfinder in der Lampertheimer Vereinswelt stehen soll. Und der Lionsclub \u00fcberbrachte eine Spende von 1000 Euro f\u00fcr die Fahrt in das Di\u00f6zesanlager im n\u00e4chsten Jahr. Hier \u00fcberbrachte Helmut Kill &#8211; selbst ehemaliger Pfadfinder des Stammes Guy de Larigaudie &#8211; einige Gru\u00dfworte, in denen er auf seine eigene tolle Zeit als Pfadfinder zur\u00fcckblickte. Der neue Pfarrer Christian Rauch \u00fcberbrachte einen Rebstock, der wachsen und gedeihen sollte, so wie es die Pfadfinder seit 70 Jahren schon tun.<\/p>\n<p>Danach ging es ans Feiern mit Kaffee, Kuchen (mit einer leckeren Geburtstagstorte von Michael Oberfeld), leckeren Grillspezialit\u00e4ten und Salaten und zum kr\u00f6nenden Abschluss gab es Lagerfeuer und Gitarrenmusik. Eine Coktailbar bot einige leckere Getr\u00e4nke, denn die entsprechenden Cocktails wurden von den einzelnen Stufen in ihren Farben gemixt. Der Museumsbauwagen bot jede Menge Gespr\u00e4chsmaterial, um in Erinnerungen zu schwelgen, denn viele ehemalige Pfadfinder des Stammes fanden den Weg auf unser Grundst\u00fcck. Premiere feierte auch der Film zur 72-Stundenaktion in einer Kinojurte und Kinder &#8211; Erwachsene aber auch &#8211; konnten Stockbrot backen. So wurde bis tief in die Nacht gefeiert.<\/p>\nngg_shortcode_0_placeholder\n","protected":false},"excerpt":{"rendered":"<p>Am 5. Juni 1949 wurde durch die Versammlung einiger Jungen vom damaligen Kaplan Sch\u00e4fer der Grundstein f\u00fcr unseren Stamm gelegt. W\u00e4hrend es bei dem ersten Treffen nur wenige waren, sind es heute nach 70 Jahren rund 80 aktive Mitglieder, die das Stammesleben pr\u00e4gen. Wir wollten dies nat\u00fcrlich geb\u00fchrend feiern. Da\u00df es dann aber mehr als&#8230;<\/p>\n","protected":false},"author":1,"featured_media":616,"comment_status":"closed","ping_status":"closed","sticky":false,"template":"","format":"standard","meta":{"ngg_post_thumbnail":0,"footnotes":""},"categories":[1,11],"tags":[],"class_list":["post-586","post","type-post","status-publish","format-standard","has-post-thumbnail","hentry","category-allgemein","category-stamm"],"_links":{"self":[{"href":"https:\/\/www.dpsglampertheim.de\/wordpress\/wp-json\/wp\/v2\/posts\/586","targetHints":{"allow":["GET"]}}],"collection":[{"href":"https:\/\/www.dpsglampertheim.de\/wordpress\/wp-json\/wp\/v2\/posts"}],"about":[{"href":"https:\/\/www.dpsglampertheim.de\/wordpress\/wp-json\/wp\/v2\/types\/post"}],"author":[{"embeddable":true,"href":"https:\/\/www.dpsglampertheim.de\/wordpress\/wp-json\/wp\/v2\/users\/1"}],"replies":[{"embeddable":true,"href":"https:\/\/www.dpsglampertheim.de\/wordpress\/wp-json\/wp\/v2\/comments?post=586"}],"version-history":[{"count":3,"href":"https:\/\/www.dpsglampertheim.de\/wordpress\/wp-json\/wp\/v2\/posts\/586\/revisions"}],"predecessor-version":[{"id":615,"href":"https:\/\/www.dpsglampertheim.de\/wordpress\/wp-json\/wp\/v2\/posts\/586\/revisions\/615"}],"wp:featuredmedia":[{"embeddable":true,"href":"https:\/\/www.dpsglampertheim.de\/wordpress\/wp-json\/wp\/v2\/media\/616"}],"wp:attachment":[{"href":"https:\/\/www.dpsglampertheim.de\/wordpress\/wp-json\/wp\/v2\/media?parent=586"}],"wp:term":[{"taxonomy":"category","embeddable":true,"href":"https:\/\/www.dpsglampertheim.de\/wordpress\/wp-json\/wp\/v2\/categories?post=586"},{"taxonomy":"post_tag","embeddable":true,"href":"https:\/\/www.dpsglampertheim.de\/wordpress\/wp-json\/wp\/v2\/tags?post=586"}],"curies":[{"name":"wp","href":"https:\/\/api.w.org\/{rel}","templated":true}]}}